{"id":653,"date":"2022-02-20T15:27:22","date_gmt":"2022-02-20T13:27:22","guid":{"rendered":"http:\/\/www.eine-welt-nordborchen.de\/wp\/?p=653"},"modified":"2022-02-20T15:42:27","modified_gmt":"2022-02-20T13:42:27","slug":"klimafasten","status":"publish","type":"post","link":"http:\/\/www.eine-welt-nordborchen.de\/wp\/?p=653","title":{"rendered":"#klimafasten"},"content":{"rendered":"<p>Sie ist schon fast geschichtstr\u00e4chtig, die Diskussion im Vorfeld der deutschen <a href=\"https:\/\/de.wikipedia.org\/wiki\/Bundestagswahl_2013\">Bundestagswahl 2013<\/a>, zur Reduzierung des <a href=\"https:\/\/de.wikipedia.org\/wiki\/Fleischkonsum_in_Deutschland\">Fleischkonsums in Deutschland<\/a> einen \u201e<a href=\"https:\/\/de.wikipedia.org\/wiki\/Veggietag\">Veggietag<\/a>\u201c in \u00f6ffentlichen Kantinen einzuf\u00fchren. Emp\u00f6rung und eine kontroverse \u00f6ffentliche Debatte ver\u00e4nderte den <a href=\"https:\/\/de.wikipedia.org\/wiki\/Wahlkampf\">Wahlkampf.<\/a><\/p>\n<p>Heute ist knapp jede dritte Person in Deutschland bereit f\u00fcr Ver\u00e4nderungen des eigenen Lebensstils zugunsten des Klimas.<\/p>\n<p><img loading=\"lazy\" decoding=\"async\" class=\"aligncenter size-large wp-image-659\" src=\"http:\/\/www.eine-welt-nordborchen.de\/wp\/wp-content\/uploads\/2022\/02\/Klimafasten-Banner-1024x379.jpeg\" alt=\"\" width=\"1024\" height=\"379\" srcset=\"http:\/\/www.eine-welt-nordborchen.de\/wp\/wp-content\/uploads\/2022\/02\/Klimafasten-Banner-1024x379.jpeg 1024w, http:\/\/www.eine-welt-nordborchen.de\/wp\/wp-content\/uploads\/2022\/02\/Klimafasten-Banner-300x111.jpeg 300w, http:\/\/www.eine-welt-nordborchen.de\/wp\/wp-content\/uploads\/2022\/02\/Klimafasten-Banner-768x284.jpeg 768w, http:\/\/www.eine-welt-nordborchen.de\/wp\/wp-content\/uploads\/2022\/02\/Klimafasten-Banner-1536x568.jpeg 1536w, http:\/\/www.eine-welt-nordborchen.de\/wp\/wp-content\/uploads\/2022\/02\/Klimafasten-Banner.jpeg 1773w\" sizes=\"auto, (max-width: 1024px) 100vw, 1024px\" \/><img><\/p>\n<p><strong>So viel du brauchst<\/strong><\/p>\n<p>Der Eine-Welt-Laden St. Laurentius m\u00f6chte deshalb die Initiative \u201eKlimafasten\u201c der katholischen und evangelischen Kirche in Deutschland aufgreifen und Sie einladen, 7 Wochen in der Fastenzeit, zwischen Aschermittwoch und Ostersamstag, ihren Alltag bewusster zu gestalten. In dieser Zeit gibt es eine Ausstellung in der Pfarrkirche St. Laurentius zum Thema und die <strong>M\u00f6glichkeit zum Austausch jeden Montag ab 17 Uhr im Weltladen im Forum St. Laurentius.<\/strong><\/p>\n<p><img loading=\"lazy\" decoding=\"async\" class=\" wp-image-656 alignright\" src=\"http:\/\/www.eine-welt-nordborchen.de\/wp\/wp-content\/uploads\/2022\/02\/Gem\u00fcse-1024x762.jpg\" alt=\"\" width=\"392\" height=\"292\" srcset=\"http:\/\/www.eine-welt-nordborchen.de\/wp\/wp-content\/uploads\/2022\/02\/Gem\u00fcse-1024x762.jpg 1024w, http:\/\/www.eine-welt-nordborchen.de\/wp\/wp-content\/uploads\/2022\/02\/Gem\u00fcse-300x223.jpg 300w, http:\/\/www.eine-welt-nordborchen.de\/wp\/wp-content\/uploads\/2022\/02\/Gem\u00fcse-768x571.jpg 768w, http:\/\/www.eine-welt-nordborchen.de\/wp\/wp-content\/uploads\/2022\/02\/Gem\u00fcse-1536x1142.jpg 1536w, http:\/\/www.eine-welt-nordborchen.de\/wp\/wp-content\/uploads\/2022\/02\/Gem\u00fcse-2048x1523.jpg 2048w\" sizes=\"auto, (max-width: 392px) 100vw, 392px\" \/><\/p>\n<p>Landwirtschaft und Ern\u00e4hrung sind Schl\u00fcsselfaktoren auf dem Weg zu mehr Klimaschutz und Biodiversit\u00e4t \u2013 f\u00fcr ein gutes Leben f\u00fcr alle. Auch wir in Borchen k\u00f6nnen unseren Beitrag dazu leisten. In diesem Jahr dreht sich alles um eines unserer Grundbed\u00fcrfnisse \u2013 die Nahrung. Nehmen wir doch einmal unsere Gewohnheiten in den Blick:<\/p>\n<ul>\n<li>Woher kommen unsere Lebensmittel und wie werden sie produziert?<\/li>\n<li>Wie sind die Lebensmittel verpackt?<\/li>\n<li>Wie bereiten wir sie zu?<\/li>\n<li>Wie sind unsere Essgewohnheiten?<\/li>\n<\/ul>\n<p>Eine Klimafasten-Brosch\u00fcre begleitet uns durch diese Zeit, in der wir jede Woche eine neue Seite aufschlagen k\u00f6nnen. Das kostenlose Heft ist erh\u00e4ltlich in der Kirche St. Laurentius in Nordborchen und im Eine Welt-Laden oder kann im Internet unter www.klimafasten.de heruntergeladen werden.<\/p>\n","protected":false},"excerpt":{"rendered":"<p>Sie ist schon fast geschichtstr\u00e4chtig, die Diskussion im Vorfeld der deutschen Bundestagswahl 2013, zur Reduzierung des Fleischkonsums in Deutschland einen \u201eVeggietag\u201c in \u00f6ffentlichen Kantinen einzuf\u00fchren. Emp\u00f6rung und eine kontroverse \u00f6ffentliche Debatte ver\u00e4nderte den Wahlkampf. Heute ist knapp jede dritte Person in Deutschland bereit f\u00fcr Ver\u00e4nderungen des eigenen Lebensstils zugunsten des Klimas. So viel du brauchst [&hellip;]<\/p>\n","protected":false},"author":1,"featured_media":0,"comment_status":"closed","ping_status":"closed","sticky":true,"template":"","format":"standard","meta":{"site-sidebar-layout":"default","site-content-layout":"default","ast-site-content-layout":"default","site-content-style":"default","site-sidebar-style":"default","ast-global-header-display":"","ast-banner-title-visibility":"","ast-main-header-display":"","ast-hfb-above-header-display":"","ast-hfb-below-header-display":"","ast-hfb-mobile-header-display":"","site-post-title":"","ast-breadcrumbs-content":"","ast-featured-img":"","footer-sml-layout":"","ast-disable-related-posts":"","theme-transparent-header-meta":"default","adv-header-id-meta":"","stick-header-meta":"","header-above-stick-meta":"","header-main-stick-meta":"","header-below-stick-meta":"","astra-migrate-meta-layouts":"default","ast-page-background-enabled":"default","ast-page-background-meta":{"desktop":{"background-color":"","background-image":"","background-repeat":"repeat","background-position":"center center","background-size":"auto","background-attachment":"scroll","background-type":"","background-media":"","overlay-type":"","overlay-color":"","overlay-opacity":"","overlay-gradient":""},"tablet":{"background-color":"","background-image":"","background-repeat":"repeat","background-position":"center center","background-size":"auto","background-attachment":"scroll","background-type":"","background-media":"","overlay-type":"","overlay-color":"","overlay-opacity":"","overlay-gradient":""},"mobile":{"background-color":"","background-image":"","background-repeat":"repeat","background-position":"center center","background-size":"auto","background-attachment":"scroll","background-type":"","background-media":"","overlay-type":"","overlay-color":"","overlay-opacity":"","overlay-gradient":""}},"ast-content-background-meta":{"desktop":{"background-color":"var(--ast-global-color-5)","background-image":"","background-repeat":"repeat","background-position":"center center","background-size":"auto","background-attachment":"scroll","background-type":"","background-media":"","overlay-type":"","overlay-color":"","overlay-opacity":"","overlay-gradient":""},"tablet":{"background-color":"var(--ast-global-color-5)","background-image":"","background-repeat":"repeat","background-position":"center center","background-size":"auto","background-attachment":"scroll","background-type":"","background-media":"","overlay-type":"","overlay-color":"","overlay-opacity":"","overlay-gradient":""},"mobile":{"background-color":"var(--ast-global-color-5)","background-image":"","background-repeat":"repeat","background-position":"center center","background-size":"auto","background-attachment":"scroll","background-type":"","background-media":"","overlay-type":"","overlay-color":"","overlay-opacity":"","overlay-gradient":""}},"footnotes":""},"categories":[1],"tags":[],"class_list":["post-653","post","type-post","status-publish","format-standard","hentry","category-allgemein"],"_links":{"self":[{"href":"http:\/\/www.eine-welt-nordborchen.de\/wp\/index.php?rest_route=\/wp\/v2\/posts\/653","targetHints":{"allow":["GET"]}}],"collection":[{"href":"http:\/\/www.eine-welt-nordborchen.de\/wp\/index.php?rest_route=\/wp\/v2\/posts"}],"about":[{"href":"http:\/\/www.eine-welt-nordborchen.de\/wp\/index.php?rest_route=\/wp\/v2\/types\/post"}],"author":[{"embeddable":true,"href":"http:\/\/www.eine-welt-nordborchen.de\/wp\/index.php?rest_route=\/wp\/v2\/users\/1"}],"replies":[{"embeddable":true,"href":"http:\/\/www.eine-welt-nordborchen.de\/wp\/index.php?rest_route=%2Fwp%2Fv2%2Fcomments&post=653"}],"version-history":[{"count":8,"href":"http:\/\/www.eine-welt-nordborchen.de\/wp\/index.php?rest_route=\/wp\/v2\/posts\/653\/revisions"}],"predecessor-version":[{"id":666,"href":"http:\/\/www.eine-welt-nordborchen.de\/wp\/index.php?rest_route=\/wp\/v2\/posts\/653\/revisions\/666"}],"wp:attachment":[{"href":"http:\/\/www.eine-welt-nordborchen.de\/wp\/index.php?rest_route=%2Fwp%2Fv2%2Fmedia&parent=653"}],"wp:term":[{"taxonomy":"category","embeddable":true,"href":"http:\/\/www.eine-welt-nordborchen.de\/wp\/index.php?rest_route=%2Fwp%2Fv2%2Fcategories&post=653"},{"taxonomy":"post_tag","embeddable":true,"href":"http:\/\/www.eine-welt-nordborchen.de\/wp\/index.php?rest_route=%2Fwp%2Fv2%2Ftags&post=653"}],"curies":[{"name":"wp","href":"https:\/\/api.w.org\/{rel}","templated":true}]}}